{"id":133,"date":"2025-09-29T12:18:09","date_gmt":"2025-09-29T12:18:09","guid":{"rendered":"https:\/\/www.seniorholidays.ro\/blog\/?p=133"},"modified":"2025-10-10T08:29:44","modified_gmt":"2025-10-10T08:29:44","slug":"excursie-in-elvetia-cu-avionul-o-vacanta-relaxanta-pentru-seniori","status":"publish","type":"post","link":"https:\/\/www.seniorholidays.ro\/blog\/excursie-in-elvetia-cu-avionul-o-vacanta-relaxanta-pentru-seniori\/","title":{"rendered":"Excursie \u00een Elve\u021bia cu avionul &#8211; O vacan\u021b\u0103 relaxant\u0103 pentru seniori"},"content":{"rendered":"\n<p><span style=\"font-weight: 400;\">Elve\u021bia este una dintre cele mai frumoase \u0219i mai lini\u0219tite destina\u021bii turistice din Europa, renumit\u0103 pentru peisajele alpine spectaculoase, ora\u0219ele cu arhitectur\u0103 elegant\u0103 \u0219i pentru atmosfera relaxant\u0103 pe care o ofer\u0103 vizitatorilor. O <\/span><a href=\"https:\/\/www.seniorholidays.ro\/excursii-elvetia-seniori\"><b>excursie \u00een Elve\u021bia<\/b><\/a><span style=\"font-weight: 400;\"> cu avionul este alegerea perfect\u0103 pentru seniorii care \u00ee\u0219i doresc o vacan\u021b\u0103 confortabil\u0103, lipsit\u0103 de griji, dar plin\u0103 de experien\u021be autentice. Cu un climat bl\u00e2nd, servicii de calitate \u0219i trasee adaptate, aceast\u0103 destina\u021bie poate fi un adev\u0103rat refugiu pentru cei care caut\u0103 lini\u0219te, siguran\u021b\u0103 \u0219i momente de neuitat.<\/span><\/p>\n\n\n\n<p><span style=\"font-weight: 400;\">Circuitul propus de <\/span><a href=\"https:\/\/www.seniorholidays.ro\/\"><span style=\"font-weight: 400;\">SeniorHolidays<\/span><\/a><span style=\"font-weight: 400;\"> \u00een Elve\u021bia \u0219i nordul Italiei este g\u00e2ndit special pentru nevoile seniorilor.<\/span><\/p>\n\n\n\n<p><b>Detalii despre circuit \u0219i ce se poate vizita<\/b><\/p>\n\n\n\n<p><span style=\"font-weight: 400;\">Pachetul turistic include un sejur de 8 zile cu avionul, av\u00e2nd ca puncte principale Elve\u021bia \u0219i Italia de Nord. Este o combina\u021bie ideal\u0103 pentru seniorii care doresc s\u0103 descopere at\u00e2t frumuse\u021bile naturale alpine, c\u00e2t \u0219i rafinamentul ora\u0219elor istorice din regiune.<\/span><\/p>\n\n\n\n<p><span style=\"font-weight: 400;\">Prima oprire este \u00een <\/span><b>Zurich<\/b><span style=\"font-weight: 400;\">, un ora\u0219 cosmopolit \u0219i elegant, situat pe malul lacului cu acela\u0219i nume. Aici, vizitatorii se pot bucura de plimb\u0103ri relaxante pe promenad\u0103, pot admira arhitectura cl\u0103dirilor istorice \u0219i moderne \u0219i pot descoperi numeroase muzee \u0219i galerii de art\u0103. Ora\u0219ul este un exemplu al modului \u00een care tradi\u021bia \u0219i inova\u021bia se \u00eembin\u0103 armonios, oferind o atmosfer\u0103 prietenoas\u0103 \u0219i vibrant\u0103.<\/span><\/p>\n\n\n\n<p><span style=\"font-weight: 400;\">Un alt punct de atrac\u021bie este <\/span><b>Lucerna<\/b><span style=\"font-weight: 400;\">, considerat de mul\u021bi cel mai frumos ora\u0219 al Elve\u021biei. Centrul s\u0103u vechi, cu str\u0103du\u021be pietruite \u0219i cl\u0103diri pictate, p\u0103streaz\u0103 farmecul medieval, iar Podul Kapellbr\u00fccke, unul dintre cele mai vechi poduri din lemn din Europa, ofer\u0103 priveli\u0219ti spectaculoase. \u00cen fundal, mun\u021bii Pilatus \u0219i Rigi completeaz\u0103 peisajul de poveste, transform\u00e2nd Lucerna \u00eentr-o destina\u021bie de neuitat pentru orice turist.<\/span><\/p>\n\n\n\n<p><span style=\"font-weight: 400;\">Circuitul continu\u0103 c\u0103tre <\/span><b>Berna<\/b><span style=\"font-weight: 400;\">, capitala Elve\u021biei, un ora\u0219 inclus \u00een patrimoniul UNESCO datorit\u0103 centrului s\u0103u medieval excelent conservat. Str\u0103du\u021bele lungi cu arcade, turnurile cu ceas \u0219i cl\u0103dirile istorice creeaz\u0103 o atmosfer\u0103 unic\u0103, unde istoria se \u00eemplete\u0219te cu lini\u0219tea r\u00e2ului Aare. Pentru seniori, Berna este locul perfect pentru a descoperi cultura elve\u021bian\u0103 \u00eentr-un ritm relaxat.<\/span><\/p>\n\n\n\n<p><span style=\"font-weight: 400;\">De asemenea, excursia pentru seniori include o vizit\u0103 \u00een <\/span><b>Geneva<\/b><span style=\"font-weight: 400;\">, ora\u0219 recunoscut pentru frumuse\u021bea lacului s\u0103u, dar \u0219i pentru rolul s\u0103u ca centru interna\u021bional. Geneva ofer\u0103 un echilibru \u00eentre natur\u0103 \u0219i modernitate: de la Gr\u0103dina Botanic\u0103 \u0219i F\u00e2nt\u00e2na Jet d\u2019Eau, p\u00e2n\u0103 la muzeele dedicate artei \u0219i istoriei, fiecare col\u021b al ora\u0219ului dezv\u0103luie o experien\u021b\u0103 nou\u0103. Atmosfera cosmopolit\u0103 \u00eel face atractiv \u0219i divers, ideal pentru cei care \u00ee\u0219i doresc s\u0103 vad\u0103 o Elve\u021bie dinamic\u0103 \u0219i conectat\u0103 la lume.<\/span><\/p>\n\n\n\n<p><span style=\"font-weight: 400;\">Pentru a completa experien\u021ba, circuitul se extinde \u0219i \u00een <\/span><b>Italia de Nord<\/b><span style=\"font-weight: 400;\">, cu o oprire \u00een Milano. Aici, seniorii au ocazia s\u0103 viziteze celebrul Dom, o capodoper\u0103 a arhitecturii gotice, s\u0103 exploreze Galeria Vittorio Emanuele II, un simbol al elegan\u021bei italiene, \u0219i s\u0103 simt\u0103 ritmul unui ora\u0219 modern, dar profund legat de art\u0103, mod\u0103 \u0219i cultur\u0103. Milano ofer\u0103 o not\u0103 mediteranean\u0103 circuitului, cre\u00e2nd un contrast pl\u0103cut cu lini\u0219tea \u0219i peisajele alpine ale Elve\u021biei.<\/span><\/p>\n\n\n\n<p><span style=\"font-weight: 400;\">Pe toat\u0103 durata excursiei, transportul este asigurat cu avionul \u0219i autocarul pentru deplas\u0103rile interne, iar cazarea se face \u00een hoteluri atent selectate pentru confort \u0219i accesibilitate, astfel \u00eenc\u00e2t fiecare moment al vacan\u021bei s\u0103 fie lipsit de griji \u0219i adaptat nevoilor seniorilor.<\/span><\/p>\n\n\n\n<h2 class=\"wp-block-heading\"><b>De ce s\u0103 alegi SeniorHolidays<\/b><\/h2>\n\n\n\n<p><span style=\"font-weight: 400;\">Unul dintre motivele pentru care acest circuit este potrivit pentru seniori este aten\u021bia acordat\u0103 detaliilor. SeniorHolidays a creat programe adaptate nevoilor persoanelor care \u00ee\u0219i doresc un ritm relaxat, pauze suficiente \u0219i excursii f\u0103r\u0103 efort fizic excesiv.<\/span><\/p>\n\n\n\n<p><b>Avantajel pentru seniori:<\/b><\/p>\n\n\n\n<ul class=\"wp-block-list\">\n<li><b>Siguran\u021b\u0103 \u0219i confort:<\/b><span style=\"font-weight: 400;\"> transport cu avionul, transferuri asigurate \u0219i cazare \u00een hoteluri verificate.<\/span><br><p>\u00a0<\/p><br><\/li>\n\n\n\n<li><b>Ghid profesionist:<\/b><span style=\"font-weight: 400;\"> excursiile sunt \u00eenso\u021bite de ghizi cu experien\u021b\u0103, care fac vizitele mai interesante \u0219i mai u\u0219or de urm\u0103rit.<\/span><br><p>\u00a0<\/p><br><\/li>\n\n\n\n<li><b>Ritm adaptat:<\/b><span style=\"font-weight: 400;\"> programul include at\u00e2t vizite ghidate, c\u00e2t \u0219i timp liber pentru plimb\u0103ri sau odihn\u0103.<\/span><br><p>\u00a0<\/p><br><\/li>\n\n\n\n<li><b>Grupuri prietenoase:<\/b><span style=\"font-weight: 400;\"> atmosfera de c\u0103l\u0103torie este cald\u0103 \u0219i relaxat\u0103, ideal\u0103 pentru a lega prietenii noi.<\/span><br><p>\u00a0<\/p><br><\/li>\n\n\n\n<li><b>Oferte avantajoase:<\/b><span style=\"font-weight: 400;\"> pachetele sunt g\u00e2ndite pentru a oferi vacante pentru seniori la cel mai bun raport calitate-pre\u021b.<\/span><br><p>\u00a0<\/p><br><\/li>\n<\/ul>\n\n\n\n<p><span style=\"font-weight: 400;\">Dac\u0103 vrei s\u0103 tr\u0103ie\u0219ti frumuse\u021bea Alpilor, s\u0103 vizitezi ora\u0219e de poveste \u0219i s\u0103 te bucuri de o vacan\u021b\u0103 relaxant\u0103, descoper\u0103 detaliile complete ale circuitului pe pagina oficial\u0103:<\/span><span style=\"font-weight: 400;\"><br><\/span><span style=\"font-weight: 400;\"> \ud83d\udc49<\/span><a href=\"https:\/\/www.seniorholidays.ro\/circuite\/circuit\/sejur-elvetia-si-italia-de-nord-8-zile-avion-t_a8bbc3715c1357\"> <span style=\"font-weight: 400;\">Excursie Elve\u021bia \u0219i Italia de Nord \u2013 8 zile cu avionul<\/span><\/a><\/p>\n\n\n\n<p><span style=\"font-weight: 400;\">Acolo vei g\u0103si informa\u021bii despre programul pe zile, hotelurile incluse \u0219i condi\u021biile ofertei.<\/span><\/p>\n\n\n\n<h2 class=\"wp-block-heading\"><b>Concluzii<\/b><\/h2>\n\n\n\n<p><span style=\"font-weight: 400;\">O excursie \u00een Elve\u021bia cu avionul este alegerea ideal\u0103 pentru seniorii care \u00ee\u0219i doresc o vacan\u021ba relaxant\u0103 \u0219i interesant\u0103 din punct de vedere cultural. De la plimb\u0103ri prin ora\u0219e medievale, la panorame spectaculoase asupra Alpilor \u0219i vizite \u00een Italia de Nord, fiecare zi din circuit aduce o experien\u021b\u0103 memorabil\u0103.<\/span><\/p>\n\n\n\n<p><span style=\"font-weight: 400;\">Cu sprijinul SeniorHolidays, vacan\u021ba devine lipsit\u0103 de griji \u0219i plin\u0103 de confort. Este o oportunitate de a explora \u00een siguran\u021b\u0103 unele dintre cele mai frumoase locuri din Europa \u0219i de a tr\u0103i momente care r\u0103m\u00e2n \u00een suflet mult timp dup\u0103 \u00eentoarcere.<\/span><\/p>\n\n\n\n<p><span style=\"font-weight: 400;\">Dac\u0103 \u00ee\u021bi dore\u0219ti o vacan\u021b\u0103 relaxant\u0103, \u00een care s\u0103 te bucuri de frumuse\u021bea Elve\u021biei f\u0103r\u0103 stresul organiz\u0103rii, alege acest circuit cu avionul. Vei descoperi c\u0103<\/span> <span style=\"font-weight: 400;\">vacan\u021bele \u00eenseamn\u0103 mai mult dec\u00e2t o c\u0103l\u0103torie, \u00eenseamn\u0103 un mod de a tr\u0103i experien\u021be autentice, la pas cu lini\u0219tea \u0219i frumuse\u021bea Europei centrale.<\/span><\/p>\n","protected":false},"excerpt":{"rendered":"<p>Elve\u021bia este una dintre cele mai frumoase \u0219i mai lini\u0219tite destina\u021bii turistice din Europa, renumit\u0103 pentru peisajele alpine spectaculoase, ora\u0219ele cu arhitectur\u0103 elegant\u0103 \u0219i pentru atmosfera relaxant\u0103 pe care o ofer\u0103 vizitatorilor. O excursie \u00een Elve\u021bia cu avionul este alegerea perfect\u0103 pentru seniorii care \u00ee\u0219i doresc o vacan\u021b\u0103 confortabil\u0103, lipsit\u0103 de griji, dar plin\u0103 de [&hellip;]<\/p>\n","protected":false},"author":1,"featured_media":134,"comment_status":"open","ping_status":"open","sticky":false,"template":"","format":"standard","meta":{"_acf_changed":false,"footnotes":""},"categories":[19],"tags":[15,18,16,17,14],"class_list":["post-133","post","type-post","status-publish","format-standard","has-post-thumbnail","hentry","category-elvetia","tag-elvetia","tag-excursie-seniori","tag-italia","tag-vacante-seniori","tag-zurich"],"acf":[],"_links":{"self":[{"href":"https:\/\/www.seniorholidays.ro\/blog\/wp-json\/wp\/v2\/posts\/133","targetHints":{"allow":["GET"]}}],"collection":[{"href":"https:\/\/www.seniorholidays.ro\/blog\/wp-json\/wp\/v2\/posts"}],"about":[{"href":"https:\/\/www.seniorholidays.ro\/blog\/wp-json\/wp\/v2\/types\/post"}],"author":[{"embeddable":true,"href":"https:\/\/www.seniorholidays.ro\/blog\/wp-json\/wp\/v2\/users\/1"}],"replies":[{"embeddable":true,"href":"https:\/\/www.seniorholidays.ro\/blog\/wp-json\/wp\/v2\/comments?post=133"}],"version-history":[{"count":5,"href":"https:\/\/www.seniorholidays.ro\/blog\/wp-json\/wp\/v2\/posts\/133\/revisions"}],"predecessor-version":[{"id":220,"href":"https:\/\/www.seniorholidays.ro\/blog\/wp-json\/wp\/v2\/posts\/133\/revisions\/220"}],"wp:featuredmedia":[{"embeddable":true,"href":"https:\/\/www.seniorholidays.ro\/blog\/wp-json\/wp\/v2\/media\/134"}],"wp:attachment":[{"href":"https:\/\/www.seniorholidays.ro\/blog\/wp-json\/wp\/v2\/media?parent=133"}],"wp:term":[{"taxonomy":"category","embeddable":true,"href":"https:\/\/www.seniorholidays.ro\/blog\/wp-json\/wp\/v2\/categories?post=133"},{"taxonomy":"post_tag","embeddable":true,"href":"https:\/\/www.seniorholidays.ro\/blog\/wp-json\/wp\/v2\/tags?post=133"}],"curies":[{"name":"wp","href":"https:\/\/api.w.org\/{rel}","templated":true}]}}